{"id":769,"date":"2025-07-18T03:48:00","date_gmt":"2025-07-18T03:48:00","guid":{"rendered":"https:\/\/persuasumgroup.com\/web\/?p=769"},"modified":"2025-07-18T03:52:17","modified_gmt":"2025-07-18T03:52:17","slug":"la-superintendencia-de-proteccion-de-datos-emitio-un-reglamento-que-regula-la-gestion-de-consultas","status":"publish","type":"post","link":"https:\/\/persuasumgroup.com\/web\/2025\/07\/18\/la-superintendencia-de-proteccion-de-datos-emitio-un-reglamento-que-regula-la-gestion-de-consultas\/","title":{"rendered":"La Superintendencia de Protecci\u00f3n de Datos emiti\u00f3 un Reglamento que regula la gesti\u00f3n de consultas."},"content":{"rendered":"\n<p class=\"has-black-color has-text-color has-link-color wp-elements-07ab921392d26b80c28d86d4620cdca6\">El 24 de octubre del 2024, el Superintendente de Protecci\u00f3n de Datos Personales emiti\u00f3 el Reglamento que establece el procedimiento para la atenci\u00f3n de las consultas que se le formulen a la Superintendencia de Protecci\u00f3n de Datos Personales (en adelante SPDP), a trav\u00e9s del cual se explica el contenido, alcance, procedimiento, legitimados y tiempos para la absoluci\u00f3n de consultas.<\/p>\n\n\n\n<p class=\"has-black-color has-text-color has-link-color wp-elements-bc37a6c69775df33693e2c51eca4e407\">\u00bfCu\u00e1l es el alcance de la contestaci\u00f3n de consultas por parte del Superintendente de Protecci\u00f3n de Datos Personales?<\/p>\n\n\n\n<p class=\"has-black-color has-text-color has-link-color wp-elements-2b81d2b64e22aaaff86eb660052f29cd\">Meramente referencial o interpretativo sobre la inteligibilidad de la Ley Org\u00e1nica de Protecci\u00f3n de Datos Personales aplicado a situaciones abstractas y no particulares, es decir, no tendr\u00e1 un car\u00e1cter vinculante, por lo que, el an\u00e1lisis consultivo:<\/p>\n\n\n\n<ul class=\"wp-block-list\">\n<li class=\"has-black-color has-text-color has-link-color wp-elements-abd29d7f7c44b4b16d89a2d0bac37945\">No constituye un acto administrativo, ni tampoco una decisi\u00f3n administrativa.<\/li>\n\n\n\n<li class=\"has-black-color has-text-color has-link-color wp-elements-92b6a5452dd7dc5f98119da74ed10707\">No constituye un medio probatorio para ser utilizado en favor o en contra del consultante en procesos judiciales o administrativos.<\/li>\n\n\n\n<li class=\"has-black-color has-text-color has-link-color wp-elements-2a0fe102a22eb6173cedbfab02ede23a\">No permite convalidar tratamientos de datos personales ya efectuados, en curso o en plan de realizarse.<\/li>\n\n\n\n<li class=\"has-black-color has-text-color has-link-color wp-elements-584efd34204b7d7dcfbbb45b10f569c0\">No constituye una restricci\u00f3n para que la SPDP pueda ejercer, respecto del consultante, sus facultades de supervisi\u00f3n, control, evaluaci\u00f3n y sanci\u00f3n.<\/li>\n<\/ul>\n\n\n\n<p class=\"has-black-color has-text-color has-link-color wp-elements-ac28f9fda7c5706e78a0873a418b90e2\">\u00bfQui\u00e9nes son los legitimados para presentar consultas a la SPDP?<\/p>\n\n\n\n<ul class=\"wp-block-list\">\n<li class=\"has-black-color has-text-color has-link-color wp-elements-e158d230875700ce460f3e340b3db928\">Los titulares de los datos personales;<\/li>\n\n\n\n<li class=\"has-black-color has-text-color has-link-color wp-elements-3dfae02208f85564965e45b09eac53f6\">Los responsables y encargados del tratamiento de datos personales;<\/li>\n\n\n\n<li class=\"has-black-color has-text-color has-link-color wp-elements-682bda28ec70e123e27ec809513cbc9c\">Los apoderados especiales debidamente registrados de aquellos responsables, conjuntos o no, y encargados extranjeros no domiciliados en el territorio del Ecuador;<\/li>\n\n\n\n<li class=\"has-black-color has-text-color has-link-color wp-elements-aed70be947375e7155b674a0e7b10601\">Los delegados de protecci\u00f3n de datos personales; y,<\/li>\n\n\n\n<li class=\"has-black-color has-text-color has-link-color wp-elements-d8e7b598603f33285f3cdb28d71d0454\">La persona natural o jur\u00eddica, autoridad p\u00fablica, servicio u organismo distinto del titular, del responsable del tratamiento, del encargado del tratamiento y de las personas autorizadas para tratar los datos personales bajo la autoridad directa del responsable.<\/li>\n<\/ul>\n\n\n\n<p class=\"has-black-color has-text-color has-link-color wp-elements-0b4b7daa876d7c1d2d464398258839ba\">&nbsp;\u00bfSobre qu\u00e9 temas no se podr\u00e1n formulan consultar?<\/p>\n\n\n\n<ul class=\"wp-block-list\">\n<li class=\"has-black-color has-text-color has-link-color wp-elements-0d95ba2f7dae4887bfa0bbc43137dd29\">Tratamiento de datos personales fuera del \u00e1mbito de aplicaci\u00f3n material de la LOPDP.<\/li>\n\n\n\n<li class=\"has-black-color has-text-color has-link-color wp-elements-81723274f556cb915f66bc6637155a63\">Normativa vigente que ya haya sido objeto de absoluci\u00f3n de consulta.<\/li>\n\n\n\n<li class=\"has-black-color has-text-color has-link-color wp-elements-0a23af67f269f3ece69ca1a0abb8d27a\">Tem\u00e1ticas que, a la fecha de presentaci\u00f3n de la consulta, formen parte de procesos judiciales pendientes de resoluci\u00f3n o ya han sido resueltos por una autoridad judicial; o, se traten de materias que no hayan sido a\u00fan reguladas espec\u00edficamente por parte de la SPDP.<\/li>\n<\/ul>\n\n\n\n<p class=\"has-black-color has-text-color has-link-color wp-elements-835135368747ddf0620fb739696de2db\">\u00bfCu\u00e1l es el procedimiento para presentar una consulta al SPDP?<\/p>\n\n\n\n<ol class=\"wp-block-list\">\n<li class=\"has-black-color has-text-color has-link-color wp-elements-9fba9ba04c5a674f74009ca7aaaed871\">En la consulta tiene que constar adem\u00e1s de la direcci\u00f3n de correo electr\u00f3nico para las notificaciones correspondientes, la opini\u00f3n clara y concreta sobre el problema espec\u00edfico sobre el que versa la petici\u00f3n interpretativa.<\/li>\n\n\n\n<li class=\"has-black-color has-text-color has-link-color wp-elements-08deb6b71b703cd8af6163371742b4c2\">Si la absoluci\u00f3n de consulta no cumple los requisitos formales y materiales, la SPDP solicitar\u00e1, por una vez, que dentro del t\u00e9rmino de cinco d\u00edas, la consulta se reformule o se complete la legitimaci\u00f3n de personer\u00eda por parte del consultante, seg\u00fan corresponda.<\/li>\n\n\n\n<li class=\"has-black-color has-text-color has-link-color wp-elements-fc7ded7b93608c246e3aa9e724ecc0f1\">El SPDP emitir\u00e1 la absoluci\u00f3n de consulta en el t\u00e9rmino de treinta d\u00edas que se cuenta a partir de la presentaci\u00f3n de la consulta.<\/li>\n\n\n\n<li class=\"has-black-color has-text-color has-link-color wp-elements-a6d2a08e8fb9d26be3afe9309367e9c5\">Cuando el SPDP considere que la consulta es de atenci\u00f3n prioritaria, no se considerar\u00e1 la fecha de presentaci\u00f3n para su emisi\u00f3n.<\/li>\n<\/ol>\n\n\n\n<p class=\"has-black-color has-text-color has-link-color wp-elements-ed2119007696134e692df8d39321b738\">\u00bfEn qu\u00e9 casos se archivar\u00e1 la absoluci\u00f3n de consulta?<\/p>\n\n\n\n<ul class=\"wp-block-list has-black-color has-text-color has-link-color wp-elements-4d498494d91fb796abb3139b0e672a07\">\n<li class=\"has-black-color has-text-color has-link-color wp-elements-be887c20f673f4c2569db3e2e6b3ceeb\">Cuando la consulta se refiera a temas que est\u00e9n fuera del \u00e1mbito material de la LOPDP, ya exista una interpretaci\u00f3n previa sobre el tema consultado o sea objeto de un procedimiento judicial.<\/li>\n\n\n\n<li>Cuando no se reformule la consulta o complete la legitimaci\u00f3n de personer\u00eda.<\/li>\n<\/ul>\n\n\n\n<p class=\"has-black-color has-text-color has-link-color wp-elements-72f3f6ef5ef34aeefe3bb6d3ce9826c4\">Sin perjuicio del archivo de la absoluci\u00f3n de consulta, el consultante podr\u00e1 presentar una nueva.<\/p>\n\n\n\n<p class=\"has-black-color has-text-color has-link-color wp-elements-98d8d20cc124d21b0d83dcb2125d2b62\">\u00bfPuede la SPDP requerir el criterio jur\u00eddico de otras instituciones?<\/p>\n\n\n\n<p class=\"has-black-color has-text-color has-link-color wp-elements-08204eb42c30b5646d8e68e2c449a2f6\">De forma previa a emitir un pronunciamiento interpretativo, la SPDP puede solicitar el criterio jur\u00eddico de:<\/p>\n\n\n\n<ul class=\"wp-block-list\">\n<li class=\"has-black-color has-text-color has-link-color wp-elements-251483dc3903c8f427128fc24fb4e26c\">Personas jur\u00eddicas de derecho p\u00fablico relacionadas con el tema consultado, que tengan competencias vinculadas con la materia de consulta; y,<\/li>\n\n\n\n<li class=\"has-black-color has-text-color has-link-color wp-elements-3dba32fd8aea8d920c074fe5bbdcff32\">Personas jur\u00eddicas de derecho privado relacionadas con el tema consultado, que posean conocimientos especializados en la materia de consulta.<\/li>\n<\/ul>\n\n\n\n<p><\/p>\n","protected":false},"excerpt":{"rendered":"<p>El 24 de octubre del 2024, el Superintendente de Protecci\u00f3n de Datos Personales emiti\u00f3 el Reglamento que establece el procedimiento para la atenci\u00f3n de las consultas que se le formulen a la Superintendencia de Protecci\u00f3n de Datos Personales (en adelante SPDP), a trav\u00e9s del cual se explica el contenido, alcance, procedimiento, legitimados y tiempos para [&hellip;]<\/p>\n","protected":false},"author":1,"featured_media":746,"comment_status":"closed","ping_status":"open","sticky":false,"template":"","format":"standard","meta":{"pagelayer_contact_templates":[],"_pagelayer_content":"","footnotes":""},"categories":[1],"tags":[],"class_list":["post-769","post","type-post","status-publish","format-standard","has-post-thumbnail","hentry","category-uncategorized"],"rttpg_featured_image_url":{"full":["https:\/\/persuasumgroup.com\/web\/wp-content\/uploads\/2025\/07\/standard-quality-control-concept-m-1.webp",800,534,false],"landscape":["https:\/\/persuasumgroup.com\/web\/wp-content\/uploads\/2025\/07\/standard-quality-control-concept-m-1.webp",800,534,false],"portraits":["https:\/\/persuasumgroup.com\/web\/wp-content\/uploads\/2025\/07\/standard-quality-control-concept-m-1.webp",800,534,false],"thumbnail":["https:\/\/persuasumgroup.com\/web\/wp-content\/uploads\/2025\/07\/standard-quality-control-concept-m-1-150x150.webp",150,150,true],"medium":["https:\/\/persuasumgroup.com\/web\/wp-content\/uploads\/2025\/07\/standard-quality-control-concept-m-1-300x200.webp",300,200,true],"large":["https:\/\/persuasumgroup.com\/web\/wp-content\/uploads\/2025\/07\/standard-quality-control-concept-m-1.webp",800,534,false],"1536x1536":["https:\/\/persuasumgroup.com\/web\/wp-content\/uploads\/2025\/07\/standard-quality-control-concept-m-1.webp",800,534,false],"2048x2048":["https:\/\/persuasumgroup.com\/web\/wp-content\/uploads\/2025\/07\/standard-quality-control-concept-m-1.webp",800,534,false]},"rttpg_author":{"display_name":"adminpersu","author_link":"https:\/\/persuasumgroup.com\/web\/author\/adminpersu\/"},"rttpg_comment":0,"rttpg_category":"<a href=\"https:\/\/persuasumgroup.com\/web\/category\/uncategorized\/\" rel=\"category tag\">Uncategorized<\/a>","rttpg_excerpt":"El 24 de octubre del 2024, el Superintendente de Protecci\u00f3n de Datos Personales emiti\u00f3 el Reglamento que establece el procedimiento para la atenci\u00f3n de las consultas que se le formulen a la Superintendencia de Protecci\u00f3n de Datos Personales (en adelante SPDP), a trav\u00e9s del cual se explica el contenido, alcance, procedimiento, legitimados y tiempos para&hellip;","_links":{"self":[{"href":"https:\/\/persuasumgroup.com\/web\/wp-json\/wp\/v2\/posts\/769","targetHints":{"allow":["GET"]}}],"collection":[{"href":"https:\/\/persuasumgroup.com\/web\/wp-json\/wp\/v2\/posts"}],"about":[{"href":"https:\/\/persuasumgroup.com\/web\/wp-json\/wp\/v2\/types\/post"}],"author":[{"embeddable":true,"href":"https:\/\/persuasumgroup.com\/web\/wp-json\/wp\/v2\/users\/1"}],"replies":[{"embeddable":true,"href":"https:\/\/persuasumgroup.com\/web\/wp-json\/wp\/v2\/comments?post=769"}],"version-history":[{"count":4,"href":"https:\/\/persuasumgroup.com\/web\/wp-json\/wp\/v2\/posts\/769\/revisions"}],"predecessor-version":[{"id":776,"href":"https:\/\/persuasumgroup.com\/web\/wp-json\/wp\/v2\/posts\/769\/revisions\/776"}],"wp:featuredmedia":[{"embeddable":true,"href":"https:\/\/persuasumgroup.com\/web\/wp-json\/wp\/v2\/media\/746"}],"wp:attachment":[{"href":"https:\/\/persuasumgroup.com\/web\/wp-json\/wp\/v2\/media?parent=769"}],"wp:term":[{"taxonomy":"category","embeddable":true,"href":"https:\/\/persuasumgroup.com\/web\/wp-json\/wp\/v2\/categories?post=769"},{"taxonomy":"post_tag","embeddable":true,"href":"https:\/\/persuasumgroup.com\/web\/wp-json\/wp\/v2\/tags?post=769"}],"curies":[{"name":"wp","href":"https:\/\/api.w.org\/{rel}","templated":true}]}}